{"id":4945,"date":"2025-06-27T10:00:28","date_gmt":"2025-06-27T08:00:28","guid":{"rendered":"https:\/\/rutadelvinovaldeorras.com\/v-btt-ruta-do-vino-valdeorras\/"},"modified":"2025-06-27T10:00:28","modified_gmt":"2025-06-27T08:00:28","slug":"v-btt-ruta-do-vino-valdeorras","status":"publish","type":"post","link":"https:\/\/rutadelvinovaldeorras.com\/gl\/v-btt-ruta-do-vino-valdeorras\/","title":{"rendered":"V BTT Ruta do Vi\u00f1o Valdeorras"},"content":{"rendered":"<p>A V BTT Ruta do Vi\u00f1o Valdeorras celebrarase o pr\u00f3ximo 19 de outubro cunha marcha ciclista non competitiva que combina deporte, paisaxe e enoturismo polos municipios da comarca.<\/p>\n<p>Para levar a cabo esta iniciativa contamos coa organizaci\u00f3n de Rutas Xanz\u00e1, co patrocinio da Axencia de Turismo, da Deputaci\u00f3n de Ourense e do Concello de Rubi\u00e1.<\/p>\n<p>Este ano, como novidade, haber\u00e1 dous percorridos: un longo de 43,4 km e outro curto de 37 km. Ambos transcorren integramente polo concello de Rubi\u00e1, sendo a hora e <strong>punto de sa\u00edda \u00e1s 9:30 h<\/strong> desde a Praza da Baicela. <\/p>\n<p>Durante a ruta disporanse tres puntos de <em>avituallamento: dous ao longo do percorrido e un final<\/em>, onde se poder\u00e1 desfrutar de delicias da gastronom\u00eda galega como empanada, bollos pre\u00f1ados e bica.<\/p>\n<p>A\u00ednda que se trata dunha proba NON competitiva, entregarase aos participantes un chip para controlar o percorrido. A <strong>recollida de dorsais<\/strong> realizarase na oficina de AEVA, Calle Espa\u00f1a, n\u00ba 1, o s\u00e1bado <strong>18 de outubro de 2025<\/strong> de 16:00 a 19:00 h e o d\u00eda da proba na propia sa\u00edda, ubicada na Praza da Baicela, de 08:00 a 09:00 h. <\/p>\n<p><strong>As inscrici\u00f3ns abren o 18\/06\/2025 e pechan o 14\/10\/2025<\/strong>. O prezo xeral \u00e9 de 29 \u20ac, pero ATENCI\u00d3N: hai un prezo promocional de 20 \u20ac para as primeiras 100 inscrici\u00f3ns. <\/p>\n<ul>\n<li> Prezo <strong><em>PROMOCIONAL<\/em><\/strong>: <strong>20 \u20ac<\/strong><\/li>\n<li>Todos os participantes: <strong>29 \u20ac<\/strong><strong>                                                                                                      <\/strong><\/li>\n<\/ul>\n<p>O custo do dorsal incl\u00fae todos os seguros, as\u00ed como dous agasallos para os participantes: <strong>unha camiseta t\u00e9cnica<\/strong> conmemorativa e unha <strong>botella de Godello<\/strong> das adegas asociadas \u00e1 Ruta do Vi\u00f1o Valdeorras, que se entregar\u00e1 na mochila do corredor.<\/p>\n<p><strong>Actividade para acompa\u00f1antes: paseo entre vi\u00f1edos e cata de vi\u00f1os<\/strong><\/p>\n<p>Unha das novidades desta edici\u00f3n \u00e9 a organizaci\u00f3n dunha <strong>actividade complementaria e gratuita para os acompa\u00f1antes<\/strong>. Mentres os ciclistas percorren a ruta, os acompa\u00f1antes poder\u00e1n desfrutar dun <strong>paseo guiado entre vi\u00f1edos<\/strong>, seguido dunha cata de <strong>catro vi\u00f1os<\/strong>. Esta actividade est\u00e1 limitada a <strong>20 persoas<\/strong> e require inscrici\u00f3n previa a trav\u00e9s do correo info@rutadelvinovaldeorras.com  <\/p>\n<p><strong>\u00a1Non perdas a t\u00faa cita co enoturismo e o deporte, desfrutando dun percorrido entre adegas e vi\u00f1edos o 19 de OUTUBRO \ud83c\udf47!<\/strong><\/p>\n","protected":false},"excerpt":{"rendered":"<p>A V BTT Ruta do Vi\u00f1o Valdeorras celebrarase o pr\u00f3ximo 19 de outubro cunha marcha ciclista non competitiva que combina deporte, paisaxe e enoturismo polos municipios da comarca. Para levar a cabo esta iniciativa contamos coa organizaci\u00f3n de Rutas Xanz\u00e1, co patrocinio da Axencia de Turismo, da Deputaci\u00f3n de Ourense e do Concello de Rubi\u00e1. [&hellip;]<\/p>\n","protected":false},"author":1,"featured_media":4714,"comment_status":"closed","ping_status":"closed","sticky":false,"template":"","format":"standard","meta":{"footnotes":""},"categories":[47],"tags":[],"class_list":["post-4945","post","type-post","status-publish","format-standard","has-post-thumbnail","hentry","category-sen-categoria"],"yoast_head":"<!-- This site is optimized with the Yoast SEO plugin v27.5 - https:\/\/yoast.com\/product\/yoast-seo-wordpress\/ -->\n<title>Valdeorras celebra la V BTT Ruta do Vi\u00f1o<\/title>\n<meta name=\"description\" content=\"Participa na V BTT Ruta do Vi\u00f1o Valdeorras, unha marcha non competitiva que combina ciclismo, enoturismo e gastronom\u00eda.\" \/>\n<meta name=\"robots\" content=\"index, follow, max-snippet:-1, max-image-preview:large, max-video-preview:-1\" \/>\n<link rel=\"canonical\" href=\"https:\/\/rutadelvinovaldeorras.com\/gl\/v-btt-ruta-do-vino-valdeorras\/\" \/>\n<meta property=\"og:locale\" content=\"gl_ES\" \/>\n<meta property=\"og:type\" content=\"article\" \/>\n<meta property=\"og:title\" content=\"Valdeorras celebra la V BTT Ruta do Vi\u00f1o\" \/>\n<meta property=\"og:description\" content=\"Participa na V BTT Ruta do Vi\u00f1o Valdeorras, unha marcha non competitiva que combina ciclismo, enoturismo e gastronom\u00eda.\" \/>\n<meta property=\"og:url\" content=\"https:\/\/rutadelvinovaldeorras.com\/gl\/v-btt-ruta-do-vino-valdeorras\/\" \/>\n<meta property=\"og:site_name\" content=\"Ruta del Vino Valdeorras\" \/>\n<meta property=\"article:publisher\" content=\"https:\/\/www.facebook.com\/RutadelVinoValdeorras\/\" \/>\n<meta property=\"article:published_time\" content=\"2025-06-27T08:00:28+00:00\" \/>\n<meta property=\"og:image\" content=\"https:\/\/rutadelvinovaldeorras.com\/wp-content\/uploads\/2025\/07\/descubre-la-ruta-del-vino-valdeorras-nr.webp\" \/>\n\t<meta property=\"og:image:width\" content=\"1920\" \/>\n\t<meta property=\"og:image:height\" content=\"1440\" \/>\n\t<meta property=\"og:image:type\" content=\"image\/webp\" \/>\n<meta name=\"author\" content=\"Adm-RuDlVNo\" \/>\n<meta name=\"twitter:card\" content=\"summary_large_image\" \/>\n<meta name=\"twitter:label1\" content=\"Escrito por\" \/>\n\t<meta name=\"twitter:data1\" content=\"Adm-RuDlVNo\" \/>\n\t<meta name=\"twitter:label2\" content=\"Tempo de lectura\" \/>\n\t<meta name=\"twitter:data2\" content=\"2 minutos\" \/>\n<script type=\"application\/ld+json\" class=\"yoast-schema-graph\">{\"@context\":\"https:\\\/\\\/schema.org\",\"@graph\":[{\"@type\":\"Article\",\"@id\":\"https:\\\/\\\/rutadelvinovaldeorras.com\\\/gl\\\/v-btt-ruta-do-vino-valdeorras\\\/#article\",\"isPartOf\":{\"@id\":\"https:\\\/\\\/rutadelvinovaldeorras.com\\\/gl\\\/v-btt-ruta-do-vino-valdeorras\\\/\"},\"author\":{\"name\":\"Adm-RuDlVNo\",\"@id\":\"https:\\\/\\\/rutadelvinovaldeorras.com\\\/#\\\/schema\\\/person\\\/560310151105d9ff874d7bd598d53179\"},\"headline\":\"V BTT Ruta do Vi\u00f1o Valdeorras\",\"datePublished\":\"2025-06-27T08:00:28+00:00\",\"mainEntityOfPage\":{\"@id\":\"https:\\\/\\\/rutadelvinovaldeorras.com\\\/gl\\\/v-btt-ruta-do-vino-valdeorras\\\/\"},\"wordCount\":362,\"publisher\":{\"@id\":\"https:\\\/\\\/rutadelvinovaldeorras.com\\\/#organization\"},\"image\":{\"@id\":\"https:\\\/\\\/rutadelvinovaldeorras.com\\\/gl\\\/v-btt-ruta-do-vino-valdeorras\\\/#primaryimage\"},\"thumbnailUrl\":\"https:\\\/\\\/rutadelvinovaldeorras.com\\\/wp-content\\\/uploads\\\/2025\\\/07\\\/descubre-la-ruta-del-vino-valdeorras-nr.webp\",\"articleSection\":[\"Sen categor\u00eda\"],\"inLanguage\":\"gl-ES\"},{\"@type\":\"WebPage\",\"@id\":\"https:\\\/\\\/rutadelvinovaldeorras.com\\\/gl\\\/v-btt-ruta-do-vino-valdeorras\\\/\",\"url\":\"https:\\\/\\\/rutadelvinovaldeorras.com\\\/gl\\\/v-btt-ruta-do-vino-valdeorras\\\/\",\"name\":\"Valdeorras celebra la V BTT Ruta do Vi\u00f1o\",\"isPartOf\":{\"@id\":\"https:\\\/\\\/rutadelvinovaldeorras.com\\\/#website\"},\"primaryImageOfPage\":{\"@id\":\"https:\\\/\\\/rutadelvinovaldeorras.com\\\/gl\\\/v-btt-ruta-do-vino-valdeorras\\\/#primaryimage\"},\"image\":{\"@id\":\"https:\\\/\\\/rutadelvinovaldeorras.com\\\/gl\\\/v-btt-ruta-do-vino-valdeorras\\\/#primaryimage\"},\"thumbnailUrl\":\"https:\\\/\\\/rutadelvinovaldeorras.com\\\/wp-content\\\/uploads\\\/2025\\\/07\\\/descubre-la-ruta-del-vino-valdeorras-nr.webp\",\"datePublished\":\"2025-06-27T08:00:28+00:00\",\"description\":\"Participa na V BTT Ruta do Vi\u00f1o Valdeorras, unha marcha non competitiva que combina ciclismo, enoturismo e gastronom\u00eda.\",\"breadcrumb\":{\"@id\":\"https:\\\/\\\/rutadelvinovaldeorras.com\\\/gl\\\/v-btt-ruta-do-vino-valdeorras\\\/#breadcrumb\"},\"inLanguage\":\"gl-ES\",\"potentialAction\":[{\"@type\":\"ReadAction\",\"target\":[\"https:\\\/\\\/rutadelvinovaldeorras.com\\\/gl\\\/v-btt-ruta-do-vino-valdeorras\\\/\"]}]},{\"@type\":\"ImageObject\",\"inLanguage\":\"gl-ES\",\"@id\":\"https:\\\/\\\/rutadelvinovaldeorras.com\\\/gl\\\/v-btt-ruta-do-vino-valdeorras\\\/#primaryimage\",\"url\":\"https:\\\/\\\/rutadelvinovaldeorras.com\\\/wp-content\\\/uploads\\\/2025\\\/07\\\/descubre-la-ruta-del-vino-valdeorras-nr.webp\",\"contentUrl\":\"https:\\\/\\\/rutadelvinovaldeorras.com\\\/wp-content\\\/uploads\\\/2025\\\/07\\\/descubre-la-ruta-del-vino-valdeorras-nr.webp\",\"width\":1920,\"height\":1440,\"caption\":\"V BTT Ruta do Vi\u00f1o Valdeorras entre vi\u00f1edos\"},{\"@type\":\"BreadcrumbList\",\"@id\":\"https:\\\/\\\/rutadelvinovaldeorras.com\\\/gl\\\/v-btt-ruta-do-vino-valdeorras\\\/#breadcrumb\",\"itemListElement\":[{\"@type\":\"ListItem\",\"position\":1,\"name\":\"Portada\",\"item\":\"https:\\\/\\\/rutadelvinovaldeorras.com\\\/gl\\\/\"},{\"@type\":\"ListItem\",\"position\":2,\"name\":\"V BTT Ruta do Vi\u00f1o Valdeorras\"}]},{\"@type\":\"WebSite\",\"@id\":\"https:\\\/\\\/rutadelvinovaldeorras.com\\\/#website\",\"url\":\"https:\\\/\\\/rutadelvinovaldeorras.com\\\/\",\"name\":\"Ruta del Vino Valdeorras\",\"description\":\"La Ruta del Vino de Valdeorras es un recorrido que nos transporta a trav\u00e9s de la historia y la cultura vin\u00edcola de una de las comarcas m\u00e1s singulares de Galicia.\",\"publisher\":{\"@id\":\"https:\\\/\\\/rutadelvinovaldeorras.com\\\/#organization\"},\"potentialAction\":[{\"@type\":\"SearchAction\",\"target\":{\"@type\":\"EntryPoint\",\"urlTemplate\":\"https:\\\/\\\/rutadelvinovaldeorras.com\\\/?s={search_term_string}\"},\"query-input\":{\"@type\":\"PropertyValueSpecification\",\"valueRequired\":true,\"valueName\":\"search_term_string\"}}],\"inLanguage\":\"gl-ES\"},{\"@type\":\"Organization\",\"@id\":\"https:\\\/\\\/rutadelvinovaldeorras.com\\\/#organization\",\"name\":\"Ruta del Vino Valdeorras\",\"url\":\"https:\\\/\\\/rutadelvinovaldeorras.com\\\/\",\"logo\":{\"@type\":\"ImageObject\",\"inLanguage\":\"gl-ES\",\"@id\":\"https:\\\/\\\/rutadelvinovaldeorras.com\\\/#\\\/schema\\\/logo\\\/image\\\/\",\"url\":\"https:\\\/\\\/rutadelvinovaldeorras.com\\\/wp-content\\\/uploads\\\/2025\\\/06\\\/valdeoras-color.svg\",\"contentUrl\":\"https:\\\/\\\/rutadelvinovaldeorras.com\\\/wp-content\\\/uploads\\\/2025\\\/06\\\/valdeoras-color.svg\",\"width\":884,\"height\":131,\"caption\":\"Ruta del Vino Valdeorras\"},\"image\":{\"@id\":\"https:\\\/\\\/rutadelvinovaldeorras.com\\\/#\\\/schema\\\/logo\\\/image\\\/\"},\"sameAs\":[\"https:\\\/\\\/www.facebook.com\\\/RutadelVinoValdeorras\\\/\",\"https:\\\/\\\/www.instagram.com\\\/ruta_vino_valdeorras\\\/\"]},{\"@type\":\"Person\",\"@id\":\"https:\\\/\\\/rutadelvinovaldeorras.com\\\/#\\\/schema\\\/person\\\/560310151105d9ff874d7bd598d53179\",\"name\":\"Adm-RuDlVNo\",\"image\":{\"@type\":\"ImageObject\",\"inLanguage\":\"gl-ES\",\"@id\":\"https:\\\/\\\/secure.gravatar.com\\\/avatar\\\/c29ab891d021b6606086070500989afef5fc6a76383cb0dc009e03a484613217?s=96&d=mm&r=g\",\"url\":\"https:\\\/\\\/secure.gravatar.com\\\/avatar\\\/c29ab891d021b6606086070500989afef5fc6a76383cb0dc009e03a484613217?s=96&d=mm&r=g\",\"contentUrl\":\"https:\\\/\\\/secure.gravatar.com\\\/avatar\\\/c29ab891d021b6606086070500989afef5fc6a76383cb0dc009e03a484613217?s=96&d=mm&r=g\",\"caption\":\"Adm-RuDlVNo\"},\"sameAs\":[\"https:\\\/\\\/rutadelvinovaldeorras.eosaweb.com\"],\"url\":\"#\"}]}<\/script>\n<!-- \/ Yoast SEO plugin. -->","yoast_head_json":{"title":"Valdeorras celebra la V BTT Ruta do Vi\u00f1o","description":"Participa na V BTT Ruta do Vi\u00f1o Valdeorras, unha marcha non competitiva que combina ciclismo, enoturismo e gastronom\u00eda.","robots":{"index":"index","follow":"follow","max-snippet":"max-snippet:-1","max-image-preview":"max-image-preview:large","max-video-preview":"max-video-preview:-1"},"canonical":"https:\/\/rutadelvinovaldeorras.com\/gl\/v-btt-ruta-do-vino-valdeorras\/","og_locale":"gl_ES","og_type":"article","og_title":"Valdeorras celebra la V BTT Ruta do Vi\u00f1o","og_description":"Participa na V BTT Ruta do Vi\u00f1o Valdeorras, unha marcha non competitiva que combina ciclismo, enoturismo e gastronom\u00eda.","og_url":"https:\/\/rutadelvinovaldeorras.com\/gl\/v-btt-ruta-do-vino-valdeorras\/","og_site_name":"Ruta del Vino Valdeorras","article_publisher":"https:\/\/www.facebook.com\/RutadelVinoValdeorras\/","article_published_time":"2025-06-27T08:00:28+00:00","og_image":[{"width":1920,"height":1440,"url":"https:\/\/rutadelvinovaldeorras.com\/wp-content\/uploads\/2025\/07\/descubre-la-ruta-del-vino-valdeorras-nr.webp","type":"image\/webp"}],"author":"Adm-RuDlVNo","twitter_card":"summary_large_image","twitter_misc":{"Escrito por":"Adm-RuDlVNo","Tempo de lectura":"2 minutos"},"schema":{"@context":"https:\/\/schema.org","@graph":[{"@type":"Article","@id":"https:\/\/rutadelvinovaldeorras.com\/gl\/v-btt-ruta-do-vino-valdeorras\/#article","isPartOf":{"@id":"https:\/\/rutadelvinovaldeorras.com\/gl\/v-btt-ruta-do-vino-valdeorras\/"},"author":{"name":"Adm-RuDlVNo","@id":"https:\/\/rutadelvinovaldeorras.com\/#\/schema\/person\/560310151105d9ff874d7bd598d53179"},"headline":"V BTT Ruta do Vi\u00f1o Valdeorras","datePublished":"2025-06-27T08:00:28+00:00","mainEntityOfPage":{"@id":"https:\/\/rutadelvinovaldeorras.com\/gl\/v-btt-ruta-do-vino-valdeorras\/"},"wordCount":362,"publisher":{"@id":"https:\/\/rutadelvinovaldeorras.com\/#organization"},"image":{"@id":"https:\/\/rutadelvinovaldeorras.com\/gl\/v-btt-ruta-do-vino-valdeorras\/#primaryimage"},"thumbnailUrl":"https:\/\/rutadelvinovaldeorras.com\/wp-content\/uploads\/2025\/07\/descubre-la-ruta-del-vino-valdeorras-nr.webp","articleSection":["Sen categor\u00eda"],"inLanguage":"gl-ES"},{"@type":"WebPage","@id":"https:\/\/rutadelvinovaldeorras.com\/gl\/v-btt-ruta-do-vino-valdeorras\/","url":"https:\/\/rutadelvinovaldeorras.com\/gl\/v-btt-ruta-do-vino-valdeorras\/","name":"Valdeorras celebra la V BTT Ruta do Vi\u00f1o","isPartOf":{"@id":"https:\/\/rutadelvinovaldeorras.com\/#website"},"primaryImageOfPage":{"@id":"https:\/\/rutadelvinovaldeorras.com\/gl\/v-btt-ruta-do-vino-valdeorras\/#primaryimage"},"image":{"@id":"https:\/\/rutadelvinovaldeorras.com\/gl\/v-btt-ruta-do-vino-valdeorras\/#primaryimage"},"thumbnailUrl":"https:\/\/rutadelvinovaldeorras.com\/wp-content\/uploads\/2025\/07\/descubre-la-ruta-del-vino-valdeorras-nr.webp","datePublished":"2025-06-27T08:00:28+00:00","description":"Participa na V BTT Ruta do Vi\u00f1o Valdeorras, unha marcha non competitiva que combina ciclismo, enoturismo e gastronom\u00eda.","breadcrumb":{"@id":"https:\/\/rutadelvinovaldeorras.com\/gl\/v-btt-ruta-do-vino-valdeorras\/#breadcrumb"},"inLanguage":"gl-ES","potentialAction":[{"@type":"ReadAction","target":["https:\/\/rutadelvinovaldeorras.com\/gl\/v-btt-ruta-do-vino-valdeorras\/"]}]},{"@type":"ImageObject","inLanguage":"gl-ES","@id":"https:\/\/rutadelvinovaldeorras.com\/gl\/v-btt-ruta-do-vino-valdeorras\/#primaryimage","url":"https:\/\/rutadelvinovaldeorras.com\/wp-content\/uploads\/2025\/07\/descubre-la-ruta-del-vino-valdeorras-nr.webp","contentUrl":"https:\/\/rutadelvinovaldeorras.com\/wp-content\/uploads\/2025\/07\/descubre-la-ruta-del-vino-valdeorras-nr.webp","width":1920,"height":1440,"caption":"V BTT Ruta do Vi\u00f1o Valdeorras entre vi\u00f1edos"},{"@type":"BreadcrumbList","@id":"https:\/\/rutadelvinovaldeorras.com\/gl\/v-btt-ruta-do-vino-valdeorras\/#breadcrumb","itemListElement":[{"@type":"ListItem","position":1,"name":"Portada","item":"https:\/\/rutadelvinovaldeorras.com\/gl\/"},{"@type":"ListItem","position":2,"name":"V BTT Ruta do Vi\u00f1o Valdeorras"}]},{"@type":"WebSite","@id":"https:\/\/rutadelvinovaldeorras.com\/#website","url":"https:\/\/rutadelvinovaldeorras.com\/","name":"Ruta del Vino Valdeorras","description":"La Ruta del Vino de Valdeorras es un recorrido que nos transporta a trav\u00e9s de la historia y la cultura vin\u00edcola de una de las comarcas m\u00e1s singulares de Galicia.","publisher":{"@id":"https:\/\/rutadelvinovaldeorras.com\/#organization"},"potentialAction":[{"@type":"SearchAction","target":{"@type":"EntryPoint","urlTemplate":"https:\/\/rutadelvinovaldeorras.com\/?s={search_term_string}"},"query-input":{"@type":"PropertyValueSpecification","valueRequired":true,"valueName":"search_term_string"}}],"inLanguage":"gl-ES"},{"@type":"Organization","@id":"https:\/\/rutadelvinovaldeorras.com\/#organization","name":"Ruta del Vino Valdeorras","url":"https:\/\/rutadelvinovaldeorras.com\/","logo":{"@type":"ImageObject","inLanguage":"gl-ES","@id":"https:\/\/rutadelvinovaldeorras.com\/#\/schema\/logo\/image\/","url":"https:\/\/rutadelvinovaldeorras.com\/wp-content\/uploads\/2025\/06\/valdeoras-color.svg","contentUrl":"https:\/\/rutadelvinovaldeorras.com\/wp-content\/uploads\/2025\/06\/valdeoras-color.svg","width":884,"height":131,"caption":"Ruta del Vino Valdeorras"},"image":{"@id":"https:\/\/rutadelvinovaldeorras.com\/#\/schema\/logo\/image\/"},"sameAs":["https:\/\/www.facebook.com\/RutadelVinoValdeorras\/","https:\/\/www.instagram.com\/ruta_vino_valdeorras\/"]},{"@type":"Person","@id":"https:\/\/rutadelvinovaldeorras.com\/#\/schema\/person\/560310151105d9ff874d7bd598d53179","name":"Adm-RuDlVNo","image":{"@type":"ImageObject","inLanguage":"gl-ES","@id":"https:\/\/secure.gravatar.com\/avatar\/c29ab891d021b6606086070500989afef5fc6a76383cb0dc009e03a484613217?s=96&d=mm&r=g","url":"https:\/\/secure.gravatar.com\/avatar\/c29ab891d021b6606086070500989afef5fc6a76383cb0dc009e03a484613217?s=96&d=mm&r=g","contentUrl":"https:\/\/secure.gravatar.com\/avatar\/c29ab891d021b6606086070500989afef5fc6a76383cb0dc009e03a484613217?s=96&d=mm&r=g","caption":"Adm-RuDlVNo"},"sameAs":["https:\/\/rutadelvinovaldeorras.eosaweb.com"],"url":"#"}]}},"_links":{"self":[{"href":"https:\/\/rutadelvinovaldeorras.com\/gl\/wp-json\/wp\/v2\/posts\/4945","targetHints":{"allow":["GET"]}}],"collection":[{"href":"https:\/\/rutadelvinovaldeorras.com\/gl\/wp-json\/wp\/v2\/posts"}],"about":[{"href":"https:\/\/rutadelvinovaldeorras.com\/gl\/wp-json\/wp\/v2\/types\/post"}],"author":[{"embeddable":true,"href":"https:\/\/rutadelvinovaldeorras.com\/gl\/wp-json\/wp\/v2\/users\/1"}],"replies":[{"embeddable":true,"href":"https:\/\/rutadelvinovaldeorras.com\/gl\/wp-json\/wp\/v2\/comments?post=4945"}],"version-history":[{"count":0,"href":"https:\/\/rutadelvinovaldeorras.com\/gl\/wp-json\/wp\/v2\/posts\/4945\/revisions"}],"wp:featuredmedia":[{"embeddable":true,"href":"https:\/\/rutadelvinovaldeorras.com\/gl\/wp-json\/wp\/v2\/media\/4714"}],"wp:attachment":[{"href":"https:\/\/rutadelvinovaldeorras.com\/gl\/wp-json\/wp\/v2\/media?parent=4945"}],"wp:term":[{"taxonomy":"category","embeddable":true,"href":"https:\/\/rutadelvinovaldeorras.com\/gl\/wp-json\/wp\/v2\/categories?post=4945"},{"taxonomy":"post_tag","embeddable":true,"href":"https:\/\/rutadelvinovaldeorras.com\/gl\/wp-json\/wp\/v2\/tags?post=4945"}],"curies":[{"name":"wp","href":"https:\/\/api.w.org\/{rel}","templated":true}]}}