{"id":4946,"date":"2025-06-27T10:00:28","date_gmt":"2025-06-27T08:00:28","guid":{"rendered":"https:\/\/rutadelvinovaldeorras.com\/v-btt-ruta-do-vino-valdeorras\/"},"modified":"2025-06-27T10:00:28","modified_gmt":"2025-06-27T08:00:28","slug":"v-btt-ruta-do-vino-valdeorras","status":"publish","type":"post","link":"https:\/\/rutadelvinovaldeorras.com\/en\/v-btt-ruta-do-vino-valdeorras\/","title":{"rendered":"V BTT Ruta do Vi\u00f1o Valdeorras"},"content":{"rendered":"<p>The <strong data-start=\"1625\" data-end=\"1658\">5th BTT Ruta do Vi\u00f1o Valdeorras<\/strong> will take place on October 19, featuring a non-competitive cycling ride that combines sport, landscape, and wine tourism across the municipalities of the region.<\/p>\n<p>This initiative is organized by Rutas Xanz\u00e1, with sponsorship from the Galicia Tourism Agency, the Ourense Provincial Council, and the Rubi\u00e1 City Council.<\/p>\n<p>This year, as a novelty, there will be two routes: a long route of 43.4 km and a short route of 37 km. Both routes take place entirely within the municipality of Rubi\u00e1, with the <strong>start<\/strong> at <strong>9:30 a.m.<\/strong> from <strong>Plaza da Baicela.<\/strong> <\/p>\n<p>There will be three<em> refreshment points during the ride: two along the route and a final one<\/em>, offering Galician gastronomic delights such as empanada, \u201cbollos pre\u00f1ados,\u201d and bica.<\/p>\n<p>Although this is a NON-COMPETITIVE event, participants will receive a chip to track the route. <strong>Bib collection<\/strong> will take place at the AEVA office, R\u00faa Espa\u00f1a No. 1, on Saturday,<strong> October 18, 2025<\/strong>, from 4:00 p.m. to 7:00 p.m., and on the day of the ride at the starting point in Plaza da Baicela from 8:00 a.m. to 9:00 a.m. <\/p>\n<p><strong>Registrations open on 18\/06\/2025 and close on 14\/10\/2025.<\/strong> The registration fee is \u20ac29, but ATTENTION: there is a promotional price of \u20ac20 for the first 100 registrations. <\/p>\n<ul>\n<li> <em><strong>Promotional <\/strong><\/em>price:<strong> \u20ac20<\/strong><\/li>\n<li>Standard registration: \u20ac29<strong>                                                                                                      <\/strong><\/li>\n<\/ul>\n<p>The registration fee includes all insurance as well as two gifts for participants: a commemorative <strong>technical t-shirt <\/strong>and a <strong>bottle of Godello wine <\/strong>from the wineries associated with the Ruta do Vi\u00f1o Valdeorras, which will be delivered in the participant\u2019s bag.<\/p>\n<p><strong>Activity for companions: vineyard walk and wine tasting<\/strong><\/p>\n<p>A key novelty of this edition is a <strong>free complementary activity for companions<\/strong>. While the cyclists follow the route, companions can enjoy a <strong>guided walk through the vineyards<\/strong>, followed by a tasting of<strong> four wines.<\/strong> This activity is limited to <strong>20 people <\/strong>and requires prior registration viainfo@rutadelvinovaldeorras.com  <\/p>\n<p><strong>Don\u2019t miss your chance to enjoy wine tourism and sport with a route through wineries and vineyards on OCTOBER 19 \ud83c\udf47!<\/strong><\/p>\n","protected":false},"excerpt":{"rendered":"<p>The 5th BTT Ruta do Vi\u00f1o Valdeorras will take place on October 19, featuring a non-competitive cycling ride that combines sport, landscape, and wine tourism across the municipalities of the region. This initiative is organized by Rutas Xanz\u00e1, with sponsorship from the Galicia Tourism Agency, the Ourense Provincial Council, and the Rubi\u00e1 City Council. This [&hellip;]<\/p>\n","protected":false},"author":1,"featured_media":4708,"comment_status":"closed","ping_status":"closed","sticky":false,"template":"","format":"standard","meta":{"footnotes":""},"categories":[1],"tags":[],"class_list":["post-4946","post","type-post","status-publish","format-standard","has-post-thumbnail","hentry","category-sin-categoria"],"yoast_head":"<!-- This site is optimized with the Yoast SEO plugin v27.5 - https:\/\/yoast.com\/product\/yoast-seo-wordpress\/ -->\n<title>Valdeorras celebrates the 5th BTT Ruta do Vi\u00f1o<\/title>\n<meta name=\"description\" content=\"Join the 5th BTT Ruta do Vi\u00f1o Valdeorras, a non-competitive ride that combines cycling, wine tourism, and gastronomy.\" \/>\n<meta name=\"robots\" content=\"index, follow, max-snippet:-1, max-image-preview:large, max-video-preview:-1\" \/>\n<link rel=\"canonical\" href=\"https:\/\/rutadelvinovaldeorras.com\/en\/v-btt-ruta-do-vino-valdeorras\/\" \/>\n<meta property=\"og:locale\" content=\"en_US\" \/>\n<meta property=\"og:type\" content=\"article\" \/>\n<meta property=\"og:title\" content=\"Valdeorras celebrates the 5th BTT Ruta do Vi\u00f1o\" \/>\n<meta property=\"og:description\" content=\"Join the 5th BTT Ruta do Vi\u00f1o Valdeorras, a non-competitive ride that combines cycling, wine tourism, and gastronomy.\" \/>\n<meta property=\"og:url\" content=\"https:\/\/rutadelvinovaldeorras.com\/en\/v-btt-ruta-do-vino-valdeorras\/\" \/>\n<meta property=\"og:site_name\" content=\"Ruta del Vino Valdeorras\" \/>\n<meta property=\"article:publisher\" content=\"https:\/\/www.facebook.com\/RutadelVinoValdeorras\/\" \/>\n<meta property=\"article:published_time\" content=\"2025-06-27T08:00:28+00:00\" \/>\n<meta property=\"og:image\" content=\"https:\/\/rutadelvinovaldeorras.com\/wp-content\/uploads\/2025\/07\/descubre-la-ruta-del-vino-valdeorras-nr.webp\" \/>\n\t<meta property=\"og:image:width\" content=\"1920\" \/>\n\t<meta property=\"og:image:height\" content=\"1440\" \/>\n\t<meta property=\"og:image:type\" content=\"image\/webp\" \/>\n<meta name=\"author\" content=\"Adm-RuDlVNo\" \/>\n<meta name=\"twitter:card\" content=\"summary_large_image\" \/>\n<meta name=\"twitter:label1\" content=\"Written by\" \/>\n\t<meta name=\"twitter:data1\" content=\"Adm-RuDlVNo\" \/>\n\t<meta name=\"twitter:label2\" content=\"Est. reading time\" \/>\n\t<meta name=\"twitter:data2\" content=\"2 minutes\" \/>\n<script type=\"application\/ld+json\" class=\"yoast-schema-graph\">{\"@context\":\"https:\\\/\\\/schema.org\",\"@graph\":[{\"@type\":\"Article\",\"@id\":\"https:\\\/\\\/rutadelvinovaldeorras.com\\\/en\\\/v-btt-ruta-do-vino-valdeorras\\\/#article\",\"isPartOf\":{\"@id\":\"https:\\\/\\\/rutadelvinovaldeorras.com\\\/en\\\/v-btt-ruta-do-vino-valdeorras\\\/\"},\"author\":{\"name\":\"Adm-RuDlVNo\",\"@id\":\"https:\\\/\\\/rutadelvinovaldeorras.com\\\/#\\\/schema\\\/person\\\/560310151105d9ff874d7bd598d53179\"},\"headline\":\"V BTT Ruta do Vi\u00f1o Valdeorras\",\"datePublished\":\"2025-06-27T08:00:28+00:00\",\"mainEntityOfPage\":{\"@id\":\"https:\\\/\\\/rutadelvinovaldeorras.com\\\/en\\\/v-btt-ruta-do-vino-valdeorras\\\/\"},\"wordCount\":335,\"publisher\":{\"@id\":\"https:\\\/\\\/rutadelvinovaldeorras.com\\\/#organization\"},\"image\":{\"@id\":\"https:\\\/\\\/rutadelvinovaldeorras.com\\\/en\\\/v-btt-ruta-do-vino-valdeorras\\\/#primaryimage\"},\"thumbnailUrl\":\"https:\\\/\\\/rutadelvinovaldeorras.com\\\/wp-content\\\/uploads\\\/2025\\\/07\\\/descubre-la-ruta-del-vino-valdeorras-nr.webp\",\"articleSection\":[\"Sin categor\u00eda\"],\"inLanguage\":\"en-US\"},{\"@type\":\"WebPage\",\"@id\":\"https:\\\/\\\/rutadelvinovaldeorras.com\\\/en\\\/v-btt-ruta-do-vino-valdeorras\\\/\",\"url\":\"https:\\\/\\\/rutadelvinovaldeorras.com\\\/en\\\/v-btt-ruta-do-vino-valdeorras\\\/\",\"name\":\"Valdeorras celebrates the 5th BTT Ruta do Vi\u00f1o\",\"isPartOf\":{\"@id\":\"https:\\\/\\\/rutadelvinovaldeorras.com\\\/#website\"},\"primaryImageOfPage\":{\"@id\":\"https:\\\/\\\/rutadelvinovaldeorras.com\\\/en\\\/v-btt-ruta-do-vino-valdeorras\\\/#primaryimage\"},\"image\":{\"@id\":\"https:\\\/\\\/rutadelvinovaldeorras.com\\\/en\\\/v-btt-ruta-do-vino-valdeorras\\\/#primaryimage\"},\"thumbnailUrl\":\"https:\\\/\\\/rutadelvinovaldeorras.com\\\/wp-content\\\/uploads\\\/2025\\\/07\\\/descubre-la-ruta-del-vino-valdeorras-nr.webp\",\"datePublished\":\"2025-06-27T08:00:28+00:00\",\"description\":\"Join the 5th BTT Ruta do Vi\u00f1o Valdeorras, a non-competitive ride that combines cycling, wine tourism, and gastronomy.\",\"breadcrumb\":{\"@id\":\"https:\\\/\\\/rutadelvinovaldeorras.com\\\/en\\\/v-btt-ruta-do-vino-valdeorras\\\/#breadcrumb\"},\"inLanguage\":\"en-US\",\"potentialAction\":[{\"@type\":\"ReadAction\",\"target\":[\"https:\\\/\\\/rutadelvinovaldeorras.com\\\/en\\\/v-btt-ruta-do-vino-valdeorras\\\/\"]}]},{\"@type\":\"ImageObject\",\"inLanguage\":\"en-US\",\"@id\":\"https:\\\/\\\/rutadelvinovaldeorras.com\\\/en\\\/v-btt-ruta-do-vino-valdeorras\\\/#primaryimage\",\"url\":\"https:\\\/\\\/rutadelvinovaldeorras.com\\\/wp-content\\\/uploads\\\/2025\\\/07\\\/descubre-la-ruta-del-vino-valdeorras-nr.webp\",\"contentUrl\":\"https:\\\/\\\/rutadelvinovaldeorras.com\\\/wp-content\\\/uploads\\\/2025\\\/07\\\/descubre-la-ruta-del-vino-valdeorras-nr.webp\",\"width\":1920,\"height\":1440,\"caption\":\"V BTT Ruta do Vi\u00f1o Valdeorras entre vi\u00f1edos\"},{\"@type\":\"BreadcrumbList\",\"@id\":\"https:\\\/\\\/rutadelvinovaldeorras.com\\\/en\\\/v-btt-ruta-do-vino-valdeorras\\\/#breadcrumb\",\"itemListElement\":[{\"@type\":\"ListItem\",\"position\":1,\"name\":\"Portada\",\"item\":\"https:\\\/\\\/rutadelvinovaldeorras.com\\\/en\\\/home\\\/\"},{\"@type\":\"ListItem\",\"position\":2,\"name\":\"V BTT Ruta do Vi\u00f1o Valdeorras\"}]},{\"@type\":\"WebSite\",\"@id\":\"https:\\\/\\\/rutadelvinovaldeorras.com\\\/#website\",\"url\":\"https:\\\/\\\/rutadelvinovaldeorras.com\\\/\",\"name\":\"Ruta del Vino Valdeorras\",\"description\":\"La Ruta del Vino de Valdeorras es un recorrido que nos transporta a trav\u00e9s de la historia y la cultura vin\u00edcola de una de las comarcas m\u00e1s singulares de Galicia.\",\"publisher\":{\"@id\":\"https:\\\/\\\/rutadelvinovaldeorras.com\\\/#organization\"},\"potentialAction\":[{\"@type\":\"SearchAction\",\"target\":{\"@type\":\"EntryPoint\",\"urlTemplate\":\"https:\\\/\\\/rutadelvinovaldeorras.com\\\/?s={search_term_string}\"},\"query-input\":{\"@type\":\"PropertyValueSpecification\",\"valueRequired\":true,\"valueName\":\"search_term_string\"}}],\"inLanguage\":\"en-US\"},{\"@type\":\"Organization\",\"@id\":\"https:\\\/\\\/rutadelvinovaldeorras.com\\\/#organization\",\"name\":\"Ruta del Vino Valdeorras\",\"url\":\"https:\\\/\\\/rutadelvinovaldeorras.com\\\/\",\"logo\":{\"@type\":\"ImageObject\",\"inLanguage\":\"en-US\",\"@id\":\"https:\\\/\\\/rutadelvinovaldeorras.com\\\/#\\\/schema\\\/logo\\\/image\\\/\",\"url\":\"https:\\\/\\\/rutadelvinovaldeorras.com\\\/wp-content\\\/uploads\\\/2025\\\/06\\\/valdeoras-color.svg\",\"contentUrl\":\"https:\\\/\\\/rutadelvinovaldeorras.com\\\/wp-content\\\/uploads\\\/2025\\\/06\\\/valdeoras-color.svg\",\"width\":884,\"height\":131,\"caption\":\"Ruta del Vino Valdeorras\"},\"image\":{\"@id\":\"https:\\\/\\\/rutadelvinovaldeorras.com\\\/#\\\/schema\\\/logo\\\/image\\\/\"},\"sameAs\":[\"https:\\\/\\\/www.facebook.com\\\/RutadelVinoValdeorras\\\/\",\"https:\\\/\\\/www.instagram.com\\\/ruta_vino_valdeorras\\\/\"]},{\"@type\":\"Person\",\"@id\":\"https:\\\/\\\/rutadelvinovaldeorras.com\\\/#\\\/schema\\\/person\\\/560310151105d9ff874d7bd598d53179\",\"name\":\"Adm-RuDlVNo\",\"image\":{\"@type\":\"ImageObject\",\"inLanguage\":\"en-US\",\"@id\":\"https:\\\/\\\/secure.gravatar.com\\\/avatar\\\/c29ab891d021b6606086070500989afef5fc6a76383cb0dc009e03a484613217?s=96&d=mm&r=g\",\"url\":\"https:\\\/\\\/secure.gravatar.com\\\/avatar\\\/c29ab891d021b6606086070500989afef5fc6a76383cb0dc009e03a484613217?s=96&d=mm&r=g\",\"contentUrl\":\"https:\\\/\\\/secure.gravatar.com\\\/avatar\\\/c29ab891d021b6606086070500989afef5fc6a76383cb0dc009e03a484613217?s=96&d=mm&r=g\",\"caption\":\"Adm-RuDlVNo\"},\"sameAs\":[\"https:\\\/\\\/rutadelvinovaldeorras.eosaweb.com\"],\"url\":\"#\"}]}<\/script>\n<!-- \/ Yoast SEO plugin. -->","yoast_head_json":{"title":"Valdeorras celebrates the 5th BTT Ruta do Vi\u00f1o","description":"Join the 5th BTT Ruta do Vi\u00f1o Valdeorras, a non-competitive ride that combines cycling, wine tourism, and gastronomy.","robots":{"index":"index","follow":"follow","max-snippet":"max-snippet:-1","max-image-preview":"max-image-preview:large","max-video-preview":"max-video-preview:-1"},"canonical":"https:\/\/rutadelvinovaldeorras.com\/en\/v-btt-ruta-do-vino-valdeorras\/","og_locale":"en_US","og_type":"article","og_title":"Valdeorras celebrates the 5th BTT Ruta do Vi\u00f1o","og_description":"Join the 5th BTT Ruta do Vi\u00f1o Valdeorras, a non-competitive ride that combines cycling, wine tourism, and gastronomy.","og_url":"https:\/\/rutadelvinovaldeorras.com\/en\/v-btt-ruta-do-vino-valdeorras\/","og_site_name":"Ruta del Vino Valdeorras","article_publisher":"https:\/\/www.facebook.com\/RutadelVinoValdeorras\/","article_published_time":"2025-06-27T08:00:28+00:00","og_image":[{"width":1920,"height":1440,"url":"https:\/\/rutadelvinovaldeorras.com\/wp-content\/uploads\/2025\/07\/descubre-la-ruta-del-vino-valdeorras-nr.webp","type":"image\/webp"}],"author":"Adm-RuDlVNo","twitter_card":"summary_large_image","twitter_misc":{"Written by":"Adm-RuDlVNo","Est. reading time":"2 minutes"},"schema":{"@context":"https:\/\/schema.org","@graph":[{"@type":"Article","@id":"https:\/\/rutadelvinovaldeorras.com\/en\/v-btt-ruta-do-vino-valdeorras\/#article","isPartOf":{"@id":"https:\/\/rutadelvinovaldeorras.com\/en\/v-btt-ruta-do-vino-valdeorras\/"},"author":{"name":"Adm-RuDlVNo","@id":"https:\/\/rutadelvinovaldeorras.com\/#\/schema\/person\/560310151105d9ff874d7bd598d53179"},"headline":"V BTT Ruta do Vi\u00f1o Valdeorras","datePublished":"2025-06-27T08:00:28+00:00","mainEntityOfPage":{"@id":"https:\/\/rutadelvinovaldeorras.com\/en\/v-btt-ruta-do-vino-valdeorras\/"},"wordCount":335,"publisher":{"@id":"https:\/\/rutadelvinovaldeorras.com\/#organization"},"image":{"@id":"https:\/\/rutadelvinovaldeorras.com\/en\/v-btt-ruta-do-vino-valdeorras\/#primaryimage"},"thumbnailUrl":"https:\/\/rutadelvinovaldeorras.com\/wp-content\/uploads\/2025\/07\/descubre-la-ruta-del-vino-valdeorras-nr.webp","articleSection":["Sin categor\u00eda"],"inLanguage":"en-US"},{"@type":"WebPage","@id":"https:\/\/rutadelvinovaldeorras.com\/en\/v-btt-ruta-do-vino-valdeorras\/","url":"https:\/\/rutadelvinovaldeorras.com\/en\/v-btt-ruta-do-vino-valdeorras\/","name":"Valdeorras celebrates the 5th BTT Ruta do Vi\u00f1o","isPartOf":{"@id":"https:\/\/rutadelvinovaldeorras.com\/#website"},"primaryImageOfPage":{"@id":"https:\/\/rutadelvinovaldeorras.com\/en\/v-btt-ruta-do-vino-valdeorras\/#primaryimage"},"image":{"@id":"https:\/\/rutadelvinovaldeorras.com\/en\/v-btt-ruta-do-vino-valdeorras\/#primaryimage"},"thumbnailUrl":"https:\/\/rutadelvinovaldeorras.com\/wp-content\/uploads\/2025\/07\/descubre-la-ruta-del-vino-valdeorras-nr.webp","datePublished":"2025-06-27T08:00:28+00:00","description":"Join the 5th BTT Ruta do Vi\u00f1o Valdeorras, a non-competitive ride that combines cycling, wine tourism, and gastronomy.","breadcrumb":{"@id":"https:\/\/rutadelvinovaldeorras.com\/en\/v-btt-ruta-do-vino-valdeorras\/#breadcrumb"},"inLanguage":"en-US","potentialAction":[{"@type":"ReadAction","target":["https:\/\/rutadelvinovaldeorras.com\/en\/v-btt-ruta-do-vino-valdeorras\/"]}]},{"@type":"ImageObject","inLanguage":"en-US","@id":"https:\/\/rutadelvinovaldeorras.com\/en\/v-btt-ruta-do-vino-valdeorras\/#primaryimage","url":"https:\/\/rutadelvinovaldeorras.com\/wp-content\/uploads\/2025\/07\/descubre-la-ruta-del-vino-valdeorras-nr.webp","contentUrl":"https:\/\/rutadelvinovaldeorras.com\/wp-content\/uploads\/2025\/07\/descubre-la-ruta-del-vino-valdeorras-nr.webp","width":1920,"height":1440,"caption":"V BTT Ruta do Vi\u00f1o Valdeorras entre vi\u00f1edos"},{"@type":"BreadcrumbList","@id":"https:\/\/rutadelvinovaldeorras.com\/en\/v-btt-ruta-do-vino-valdeorras\/#breadcrumb","itemListElement":[{"@type":"ListItem","position":1,"name":"Portada","item":"https:\/\/rutadelvinovaldeorras.com\/en\/home\/"},{"@type":"ListItem","position":2,"name":"V BTT Ruta do Vi\u00f1o Valdeorras"}]},{"@type":"WebSite","@id":"https:\/\/rutadelvinovaldeorras.com\/#website","url":"https:\/\/rutadelvinovaldeorras.com\/","name":"Ruta del Vino Valdeorras","description":"La Ruta del Vino de Valdeorras es un recorrido que nos transporta a trav\u00e9s de la historia y la cultura vin\u00edcola de una de las comarcas m\u00e1s singulares de Galicia.","publisher":{"@id":"https:\/\/rutadelvinovaldeorras.com\/#organization"},"potentialAction":[{"@type":"SearchAction","target":{"@type":"EntryPoint","urlTemplate":"https:\/\/rutadelvinovaldeorras.com\/?s={search_term_string}"},"query-input":{"@type":"PropertyValueSpecification","valueRequired":true,"valueName":"search_term_string"}}],"inLanguage":"en-US"},{"@type":"Organization","@id":"https:\/\/rutadelvinovaldeorras.com\/#organization","name":"Ruta del Vino Valdeorras","url":"https:\/\/rutadelvinovaldeorras.com\/","logo":{"@type":"ImageObject","inLanguage":"en-US","@id":"https:\/\/rutadelvinovaldeorras.com\/#\/schema\/logo\/image\/","url":"https:\/\/rutadelvinovaldeorras.com\/wp-content\/uploads\/2025\/06\/valdeoras-color.svg","contentUrl":"https:\/\/rutadelvinovaldeorras.com\/wp-content\/uploads\/2025\/06\/valdeoras-color.svg","width":884,"height":131,"caption":"Ruta del Vino Valdeorras"},"image":{"@id":"https:\/\/rutadelvinovaldeorras.com\/#\/schema\/logo\/image\/"},"sameAs":["https:\/\/www.facebook.com\/RutadelVinoValdeorras\/","https:\/\/www.instagram.com\/ruta_vino_valdeorras\/"]},{"@type":"Person","@id":"https:\/\/rutadelvinovaldeorras.com\/#\/schema\/person\/560310151105d9ff874d7bd598d53179","name":"Adm-RuDlVNo","image":{"@type":"ImageObject","inLanguage":"en-US","@id":"https:\/\/secure.gravatar.com\/avatar\/c29ab891d021b6606086070500989afef5fc6a76383cb0dc009e03a484613217?s=96&d=mm&r=g","url":"https:\/\/secure.gravatar.com\/avatar\/c29ab891d021b6606086070500989afef5fc6a76383cb0dc009e03a484613217?s=96&d=mm&r=g","contentUrl":"https:\/\/secure.gravatar.com\/avatar\/c29ab891d021b6606086070500989afef5fc6a76383cb0dc009e03a484613217?s=96&d=mm&r=g","caption":"Adm-RuDlVNo"},"sameAs":["https:\/\/rutadelvinovaldeorras.eosaweb.com"],"url":"#"}]}},"_links":{"self":[{"href":"https:\/\/rutadelvinovaldeorras.com\/en\/wp-json\/wp\/v2\/posts\/4946","targetHints":{"allow":["GET"]}}],"collection":[{"href":"https:\/\/rutadelvinovaldeorras.com\/en\/wp-json\/wp\/v2\/posts"}],"about":[{"href":"https:\/\/rutadelvinovaldeorras.com\/en\/wp-json\/wp\/v2\/types\/post"}],"author":[{"embeddable":true,"href":"https:\/\/rutadelvinovaldeorras.com\/en\/wp-json\/wp\/v2\/users\/1"}],"replies":[{"embeddable":true,"href":"https:\/\/rutadelvinovaldeorras.com\/en\/wp-json\/wp\/v2\/comments?post=4946"}],"version-history":[{"count":0,"href":"https:\/\/rutadelvinovaldeorras.com\/en\/wp-json\/wp\/v2\/posts\/4946\/revisions"}],"wp:featuredmedia":[{"embeddable":true,"href":"https:\/\/rutadelvinovaldeorras.com\/en\/wp-json\/wp\/v2\/media\/4708"}],"wp:attachment":[{"href":"https:\/\/rutadelvinovaldeorras.com\/en\/wp-json\/wp\/v2\/media?parent=4946"}],"wp:term":[{"taxonomy":"category","embeddable":true,"href":"https:\/\/rutadelvinovaldeorras.com\/en\/wp-json\/wp\/v2\/categories?post=4946"},{"taxonomy":"post_tag","embeddable":true,"href":"https:\/\/rutadelvinovaldeorras.com\/en\/wp-json\/wp\/v2\/tags?post=4946"}],"curies":[{"name":"wp","href":"https:\/\/api.w.org\/{rel}","templated":true}]}}